{"id":6614,"date":"2026-04-28T15:28:49","date_gmt":"2026-04-28T13:28:49","guid":{"rendered":"https:\/\/www.azurs.net\/carnet\/?p=6614"},"modified":"2026-04-28T15:28:49","modified_gmt":"2026-04-28T13:28:49","slug":"parle-a-duplomb-ma-tete-est-malade","status":"publish","type":"post","link":"https:\/\/www.azurs.net\/carnet\/2026\/04\/parle-a-duplomb-ma-tete-est-malade\/","title":{"rendered":"Parle \u00e0 Duplomb ma t\u00eate est malade"},"content":{"rendered":"<p>Je me suis finalement lanc\u00e9 dans la fabrication et la diffusion d&rsquo;un podcast. Les premiers \u00e9pisodes sont en ligne :<\/p>\n<p><a href=\"https:\/\/gasteropod.fr\/@ParkiPod\">Parkinson : de vraies vies de malades !<\/a><\/p>\n<p><img loading=\"lazy\" decoding=\"async\" class=\"wp-image-6620 size-medium aligncenter\" src=\"https:\/\/www.azurs.net\/carnet\/wp-content\/uploads\/2026\/03\/the-cleveland-museum-of-art-aAiBREHJpfo-unsplash1-232x300.jpg\" alt=\"\" width=\"232\" height=\"300\" srcset=\"https:\/\/www.azurs.net\/carnet\/wp-content\/uploads\/2026\/03\/the-cleveland-museum-of-art-aAiBREHJpfo-unsplash1-232x300.jpg 232w, https:\/\/www.azurs.net\/carnet\/wp-content\/uploads\/2026\/03\/the-cleveland-museum-of-art-aAiBREHJpfo-unsplash1-581x750.jpg 581w, https:\/\/www.azurs.net\/carnet\/wp-content\/uploads\/2026\/03\/the-cleveland-museum-of-art-aAiBREHJpfo-unsplash1-768x992.jpg 768w, https:\/\/www.azurs.net\/carnet\/wp-content\/uploads\/2026\/03\/the-cleveland-museum-of-art-aAiBREHJpfo-unsplash1-1190x1536.jpg 1190w, https:\/\/www.azurs.net\/carnet\/wp-content\/uploads\/2026\/03\/the-cleveland-museum-of-art-aAiBREHJpfo-unsplash1-1586x2048.jpg 1586w, https:\/\/www.azurs.net\/carnet\/wp-content\/uploads\/2026\/03\/the-cleveland-museum-of-art-aAiBREHJpfo-unsplash1-scaled.jpg 1983w\" sizes=\"auto, (max-width: 232px) 100vw, 232px\" \/><\/p>\n<p>Comme indiqu\u00e9 dans l\u00a0\u00bbintroduction de chacun des \u00e9pisodes, il s&rsquo;agit de recueillir et de donner \u00e0 entendre le r\u00e9cit de diagnostic de personnes atteintes par la maladie de Parkinson.<\/p>\n","protected":false},"excerpt":{"rendered":"<p>Un podcast qui recueille des r\u00e9cits de diagnostic de la maladie de Parkinson pour les partager.<\/p>\n","protected":false},"author":1,"featured_media":0,"comment_status":"open","ping_status":"open","sticky":false,"template":"","format":"standard","meta":{"footnotes":""},"categories":[578],"tags":[373,240,1046,730],"class_list":["post-6614","post","type-post","status-publish","format-standard","hentry","category-podcast","tag-diagnostic","tag-maladie-de-parkinson","tag-recits","tag-temoignages"],"share_on_mastodon":{"url":"https:\/\/piaille.fr\/@ThomasLoury\/116482569785790954","error":""},"_links":{"self":[{"href":"https:\/\/www.azurs.net\/carnet\/wp-json\/wp\/v2\/posts\/6614","targetHints":{"allow":["GET"]}}],"collection":[{"href":"https:\/\/www.azurs.net\/carnet\/wp-json\/wp\/v2\/posts"}],"about":[{"href":"https:\/\/www.azurs.net\/carnet\/wp-json\/wp\/v2\/types\/post"}],"author":[{"embeddable":true,"href":"https:\/\/www.azurs.net\/carnet\/wp-json\/wp\/v2\/users\/1"}],"replies":[{"embeddable":true,"href":"https:\/\/www.azurs.net\/carnet\/wp-json\/wp\/v2\/comments?post=6614"}],"version-history":[{"count":3,"href":"https:\/\/www.azurs.net\/carnet\/wp-json\/wp\/v2\/posts\/6614\/revisions"}],"predecessor-version":[{"id":6662,"href":"https:\/\/www.azurs.net\/carnet\/wp-json\/wp\/v2\/posts\/6614\/revisions\/6662"}],"wp:attachment":[{"href":"https:\/\/www.azurs.net\/carnet\/wp-json\/wp\/v2\/media?parent=6614"}],"wp:term":[{"taxonomy":"category","embeddable":true,"href":"https:\/\/www.azurs.net\/carnet\/wp-json\/wp\/v2\/categories?post=6614"},{"taxonomy":"post_tag","embeddable":true,"href":"https:\/\/www.azurs.net\/carnet\/wp-json\/wp\/v2\/tags?post=6614"}],"curies":[{"name":"wp","href":"https:\/\/api.w.org\/{rel}","templated":true}]}}